{"id":3793,"date":"2023-06-09T08:23:19","date_gmt":"2023-06-09T08:23:19","guid":{"rendered":"https:\/\/pavigesa.com\/?p=3793"},"modified":"2023-06-27T10:09:10","modified_gmt":"2023-06-27T10:09:10","slug":"obras-de-remodelacion-paseo-maritimo-estepona","status":"publish","type":"post","link":"https:\/\/pavigesa.com\/fr\/obras-de-remodelacion-paseo-maritimo-estepona\/","title":{"rendered":"Travaux de r\u00e9novation : PASEO MAR\u00cdTIMO ESTEPONA"},"content":{"rendered":"<div data-midnight=\"dark-title\" class=\"row wpb_row row-fluid\"><div class=\"wpb_column columns medium-9 thb-dark-column small-12\"><div class=\"vc_column-inner   vc_custom_1687860548972\"><div class=\"wpb_wrapper\">\n\t<div class=\"wpb_text_column wpb_content_element\">\n\t\t<div class=\"wpb_wrapper\">\n\t\t\t<div>\n<h3><b>Le principal objectif de la mairie d'Estepona dans le cadre des travaux de r\u00e9am\u00e9nagement de la promenade \u00e9tait de donner une homog\u00e9n\u00e9it\u00e9 \u00e0 l'ensemble de la zone en utilisant des mat\u00e9riaux et des \u00e9l\u00e9ments modernes, efficaces et durables, ainsi qu'en r\u00e9organisant les espaces afin d'am\u00e9liorer l'utilisation pi\u00e9tonne de cette enclave de la ville.<\/b><\/h3>\n<p>&nbsp;<\/p>\n<p style=\"font-weight: 400;\">Pavigesa a particip\u00e9 \u00e0 ce projet avec plus de 7000 m2 des rev\u00eatements suivants :<\/p>\n<ul>\n<li>DALLE GRAND FORMAT 120X60X12. Couleurs : BLEU NAVY et VERSALLES.<\/li>\n<li>DALLE GRAND FORMAT 60X60X12. Couleurs : BLEU NAVY et VERSALLES.<\/li>\n<li>DALLE GRAND FORMAT 60X30X12. Couleurs : BLEU NAVY et VERSALLES.<\/li>\n<li>DALLE \u00c0 BOUTONS 20X20X08 BLEU MARINE<\/li>\n<li>DALLE \u00c0 SENS UNIQUE 20X20X08 VERSALLES<\/li>\n<\/ul>\n<\/div>\n\n\t\t<\/div>\n\t<\/div>\n<div class=\"vc_empty_space\" id=\"thb-empty-space-69f5bef98c4ce\"  style=\"height: 4vh\" ><span class=\"vc_empty_space_inner\"><\/span><\/div>\n<div class=\"row wpb_row vc_inner row-fluid\"><div class=\"wpb_column columns medium-6 thb-dark-column small-12\"><div class=\"vc_column-inner\"><div class=\"wpb_wrapper\">\n\t<div  class=\"wpb_single_image wpb_content_element vc_align_center\">\n\t\t\n\t\t<figure class=\"wpb_wrapper vc_figure\">\n\t\t\t<div class=\"vc_single_image-wrapper   vc_box_border_grey\"><img decoding=\"async\" width=\"227\" height=\"459\" src=\"https:\/\/pavigesa.com\/wp-content\/uploads\/2023\/06\/Imagen-1.jpg\" class=\"vc_single_image-img attachment-full\" alt=\"\" title=\"Imagen 1\" srcset=\"https:\/\/pavigesa.com\/wp-content\/uploads\/2023\/06\/Imagen-1.jpg 227w, https:\/\/pavigesa.com\/wp-content\/uploads\/2023\/06\/Imagen-1-6x12.jpg 6w, https:\/\/pavigesa.com\/wp-content\/uploads\/2023\/06\/Imagen-1-20x40.jpg 20w\" sizes=\"(max-width: 227px) 100vw, 227px\" \/><\/div>\n\t\t<\/figure>\n\t<\/div>\n<\/div><\/div><\/div><div class=\"wpb_column columns medium-6 thb-dark-column small-12\"><div class=\"vc_column-inner\"><div class=\"wpb_wrapper\">\n\t<div  class=\"wpb_single_image wpb_content_element vc_align_center\">\n\t\t\n\t\t<figure class=\"wpb_wrapper vc_figure\">\n\t\t\t<div class=\"vc_single_image-wrapper   vc_box_border_grey\"><img decoding=\"async\" width=\"227\" height=\"459\" src=\"https:\/\/pavigesa.com\/wp-content\/uploads\/2023\/06\/Imagen-2.jpg\" class=\"vc_single_image-img attachment-full\" alt=\"\" title=\"Imagen 2\" srcset=\"https:\/\/pavigesa.com\/wp-content\/uploads\/2023\/06\/Imagen-2.jpg 227w, https:\/\/pavigesa.com\/wp-content\/uploads\/2023\/06\/Imagen-2-6x12.jpg 6w, https:\/\/pavigesa.com\/wp-content\/uploads\/2023\/06\/Imagen-2-20x40.jpg 20w\" sizes=\"(max-width: 227px) 100vw, 227px\" \/><\/div>\n\t\t<\/figure>\n\t<\/div>\n<\/div><\/div><\/div><\/div><div class=\"vc_empty_space\" id=\"thb-empty-space-69f5bef98df6a\"  style=\"height: 4vh\" ><span class=\"vc_empty_space_inner\"><\/span><\/div>\n\n\t<div class=\"wpb_text_column wpb_content_element\">\n\t\t<div class=\"wpb_wrapper\">\n\t\t\t<p style=\"font-weight: 400;\">Les rev\u00eatements utilis\u00e9s ont tous re\u00e7u notre traitement Paviprotec, qui garantit la durabilit\u00e9 et un meilleur entretien.<\/p>\n<p>&nbsp;<\/p>\n<p style=\"font-weight: 400;\">Pour l'installation du rev\u00eatement de sol grand format, une \u00e9quipe de monteurs sp\u00e9cialis\u00e9s, appartenant au groupe d'entreprises Pavigesa, Creur. S.L.<\/p>\n<p>&nbsp;<\/p>\n<p style=\"font-weight: 400;\"><strong>#SWeAreYourCity'sCityBase (Nous sommes la base de votre ville)<\/strong><\/p>\n\n\t\t<\/div>\n\t<\/div>\n<div class=\"vc_empty_space\" id=\"thb-empty-space-69f5bef98e086\"  style=\"height: 4vh\" ><span class=\"vc_empty_space_inner\"><\/span><\/div>\n\n\t<div class=\"wpb_text_column wpb_content_element\">\n\t\t<div class=\"wpb_wrapper\">\n\t\t\t<h6 style=\"font-weight: 400;\"><strong>Bibliographie :<\/strong><\/h6>\n<h6 style=\"font-weight: 400;\">Pavigesa (<a href=\"https:\/\/pavigesa.com\/fr\/\">www.pavigesa.com<\/a>)<\/h6>\n<h6 style=\"font-weight: 400;\">Mairie d'Estepona (https:\/\/ayuntamiento.estepona.es\/noticia\/15878-el-ayuntamiento-inicia-las-obras-de-remodelacion-del-paseo-maritimo.html)<\/h6>\n<p>&nbsp;<\/p>\n<p style=\"font-weight: 400;\"><strong>\u00c9crit par : <\/strong>Sara Ruiz Ram\u00edrez - Responsable de la qualit\u00e9 et de l'environnement<\/p>\n\n\t\t<\/div>\n\t<\/div>\n<\/div><\/div><\/div><style type=\"text\/css\" data-type=\"vc_custom-css\">.addtoany_share_save_container{\r\n    display:none!important;\r\n}<\/style><div class=\"wpb_column columns medium-3 thb-dark-column has-fill small-12\"><div class=\"vc_column-inner   vc_custom_1687860529980\"><div class=\"wpb_wrapper\"><div data-midnight=\"dark-title\" class=\"row wpb_row row-fluid\"><div class=\"wpb_column columns medium-12 thb-dark-column small-12\"><div class=\"vc_column-inner  thb-fixed\"><div class=\"wpb_wrapper\"><div class=\"row wpb_row vc_inner row-fluid\"><div class=\"wpb_column columns medium-12 thb-dark-column small-12\"><div class=\"vc_column-inner\"><div class=\"wpb_wrapper\">\n\t<div class=\"wpb_text_column wpb_content_element\">\n\t\t<div class=\"wpb_wrapper\">\n\t\t\t<h3><span style=\"color: #ff0000;\">S'abonner \u00e0 notre blog<\/span><\/h3>\n<p>Laissez-nous votre email et soyez les premiers \u00e0 \u00eatre inform\u00e9s de nos nouveaut\u00e9s.<\/p>\n\n\t\t<\/div>\n\t<\/div>\n\n\t<div class=\"wpb_raw_code wpb_content_element wpb_raw_html\" >\n\t\t<div class=\"wpb_wrapper\">\n\t\t\t<iframe data-skip-lazy=\"\" src=\"https:\/\/pavigesa.ipzmarketing.com\/f\/I2PYZn1RJoc\" frameborder=\"0\" scrolling=\"no\" width=\"100%\" class=\"ipz-iframe\"><\/iframe>\n<script data-cfasync=\"false\" type=\"text\/javascript\" src=\"https:\/\/assets.ipzmarketing.com\/assets\/signup_form\/iframe_v1.js\"><\/script>\n\t\t<\/div>\n\t<\/div>\n<\/div><\/div><\/div><\/div><div class=\"vc_empty_space\" id=\"thb-empty-space-69f5bef98f42c\"  style=\"height: 3vh\" ><span class=\"vc_empty_space_inner\"><\/span><\/div>\n<div class=\"row wpb_row vc_inner row-fluid\"><div class=\"wpb_column columns medium-12 thb-dark-column small-12\"><div class=\"vc_column-inner\"><div class=\"wpb_wrapper\">\n\t<div class=\"wpb_text_column wpb_content_element\">\n\t\t<div class=\"wpb_wrapper\">\n\t\t\t<h3><span style=\"color: #ff0000;\">Vous avez besoin d'informations sur nos produits pour vos projets ?<\/span><\/h3>\n\n\t\t<\/div>\n\t<\/div>\n\t<a class=\"btn thb-3d-style full accent   regular\" href=\"mailto:comerciales@pavigesa.com\" target=\"_self\" role=\"button\" title=\"CONTACTEZ-NOUS !\"><span>CONTACTEZ-NOUS !<\/span><\/a>\n\n\t<\/div><\/div><\/div><\/div><div class=\"vc_empty_space\" id=\"thb-empty-space-69f5bef98f7e1\"  style=\"height: 3vh\" ><span class=\"vc_empty_space_inner\"><\/span><\/div>\n<div class=\"row wpb_row vc_inner row-fluid\"><div class=\"wpb_column columns medium-12 thb-dark-column small-12\"><div class=\"vc_column-inner\"><div class=\"wpb_wrapper\">\n\t<div class=\"wpb_text_column wpb_content_element\">\n\t\t<div class=\"wpb_wrapper\">\n\t\t\t<h3><span style=\"color: #ff0000;\">Suivez-nous !<\/span><\/h3>\n<p>Suivez-nous sur nos r\u00e9seaux sociaux et soyez les premiers \u00e0 tout savoir.<\/p>\n\n\t\t<\/div>\n\t<\/div>\n<\/div><\/div><\/div><\/div><div class=\"row wpb_row vc_inner row-fluid\"><div class=\"wpb_column columns medium-1\/5 thb-dark-column small-12\"><div class=\"vc_column-inner\"><div class=\"wpb_wrapper\">\n\t<div  class=\"wpb_single_image wpb_content_element vc_align_center\">\n\t\t\n\t\t<figure class=\"wpb_wrapper vc_figure\">\n\t\t\t<a href=\"https:\/\/www.instagram.com\/pavigesa\/?hl=es\" target=\"_blank\" class=\"vc_single_image-wrapper   vc_box_border_grey\"><img decoding=\"async\" width=\"64\" height=\"64\" src=\"https:\/\/pavigesa.com\/wp-content\/uploads\/2021\/06\/002-instagram.png\" class=\"vc_single_image-img attachment-full\" alt=\"\" title=\"002-instagram\" srcset=\"https:\/\/pavigesa.com\/wp-content\/uploads\/2021\/06\/002-instagram.png 64w, https:\/\/pavigesa.com\/wp-content\/uploads\/2021\/06\/002-instagram-12x12.png 12w, https:\/\/pavigesa.com\/wp-content\/uploads\/2021\/06\/002-instagram-20x20.png 20w\" sizes=\"(max-width: 64px) 100vw, 64px\" \/><\/a>\n\t\t<\/figure>\n\t<\/div>\n<\/div><\/div><\/div><div class=\"wpb_column columns medium-1\/5 thb-dark-column small-12\"><div class=\"vc_column-inner\"><div class=\"wpb_wrapper\">\n\t<div  class=\"wpb_single_image wpb_content_element vc_align_center\">\n\t\t\n\t\t<figure class=\"wpb_wrapper vc_figure\">\n\t\t\t<a href=\"https:\/\/www.facebook.com\/pavimentosdelgenil\/?locale=es_ES\" target=\"_blank\" class=\"vc_single_image-wrapper   vc_box_border_grey\"><img decoding=\"async\" width=\"64\" height=\"64\" src=\"https:\/\/pavigesa.com\/wp-content\/uploads\/2021\/06\/003-facebook.png\" class=\"vc_single_image-img attachment-full\" alt=\"\" title=\"003-facebook\" srcset=\"https:\/\/pavigesa.com\/wp-content\/uploads\/2021\/06\/003-facebook.png 64w, https:\/\/pavigesa.com\/wp-content\/uploads\/2021\/06\/003-facebook-12x12.png 12w, https:\/\/pavigesa.com\/wp-content\/uploads\/2021\/06\/003-facebook-20x20.png 20w\" sizes=\"(max-width: 64px) 100vw, 64px\" \/><\/a>\n\t\t<\/figure>\n\t<\/div>\n<\/div><\/div><\/div><div class=\"wpb_column columns medium-1\/5 thb-dark-column small-12\"><div class=\"vc_column-inner\"><div class=\"wpb_wrapper\">\n\t<div  class=\"wpb_single_image wpb_content_element vc_align_center\">\n\t\t\n\t\t<figure class=\"wpb_wrapper vc_figure\">\n\t\t\t<a href=\"https:\/\/www.linkedin.com\/company\/pavimentos-del-genil-s.a\/?originalSubdomain=es\" target=\"_blank\" class=\"vc_single_image-wrapper   vc_box_border_grey\"><img decoding=\"async\" width=\"64\" height=\"64\" src=\"https:\/\/pavigesa.com\/wp-content\/uploads\/2021\/06\/001-logotipo-de-linkedin.png\" class=\"vc_single_image-img attachment-full\" alt=\"\" title=\"001-logotipo-de-linkedin\" srcset=\"https:\/\/pavigesa.com\/wp-content\/uploads\/2021\/06\/001-logotipo-de-linkedin.png 64w, https:\/\/pavigesa.com\/wp-content\/uploads\/2021\/06\/001-logotipo-de-linkedin-12x12.png 12w, https:\/\/pavigesa.com\/wp-content\/uploads\/2021\/06\/001-logotipo-de-linkedin-20x20.png 20w\" sizes=\"(max-width: 64px) 100vw, 64px\" \/><\/a>\n\t\t<\/figure>\n\t<\/div>\n<\/div><\/div><\/div><div class=\"wpb_column columns medium-1\/5 thb-dark-column small-12\"><div class=\"vc_column-inner\"><div class=\"wpb_wrapper\">\n\t<div  class=\"wpb_single_image wpb_content_element vc_align_center\">\n\t\t\n\t\t<figure class=\"wpb_wrapper vc_figure\">\n\t\t\t<a href=\"https:\/\/twitter.com\/pavigesa?lang=es\" target=\"_blank\" class=\"vc_single_image-wrapper   vc_box_border_grey\"><img decoding=\"async\" width=\"64\" height=\"64\" src=\"https:\/\/pavigesa.com\/wp-content\/uploads\/2021\/06\/004-signo-de-twitter.png\" class=\"vc_single_image-img attachment-full\" alt=\"\" title=\"004-signo-de-twitter\" srcset=\"https:\/\/pavigesa.com\/wp-content\/uploads\/2021\/06\/004-signo-de-twitter.png 64w, https:\/\/pavigesa.com\/wp-content\/uploads\/2021\/06\/004-signo-de-twitter-12x12.png 12w, https:\/\/pavigesa.com\/wp-content\/uploads\/2021\/06\/004-signo-de-twitter-20x20.png 20w\" sizes=\"(max-width: 64px) 100vw, 64px\" \/><\/a>\n\t\t<\/figure>\n\t<\/div>\n<\/div><\/div><\/div><div class=\"wpb_column columns medium-1\/5 thb-dark-column small-12\"><div class=\"vc_column-inner\"><div class=\"wpb_wrapper\">\n\t<div  class=\"wpb_single_image wpb_content_element vc_align_center\">\n\t\t\n\t\t<figure class=\"wpb_wrapper vc_figure\">\n\t\t\t<a href=\"https:\/\/www.youtube.com\/user\/pavigesa\" target=\"_blank\" class=\"vc_single_image-wrapper   vc_box_border_grey\"><img decoding=\"async\" width=\"64\" height=\"64\" src=\"https:\/\/pavigesa.com\/wp-content\/uploads\/2021\/06\/005-youtube.png\" class=\"vc_single_image-img attachment-full\" alt=\"\" title=\"005-youtube\" srcset=\"https:\/\/pavigesa.com\/wp-content\/uploads\/2021\/06\/005-youtube.png 64w, https:\/\/pavigesa.com\/wp-content\/uploads\/2021\/06\/005-youtube-12x12.png 12w, https:\/\/pavigesa.com\/wp-content\/uploads\/2021\/06\/005-youtube-20x20.png 20w\" sizes=\"(max-width: 64px) 100vw, 64px\" \/><\/a>\n\t\t<\/figure>\n\t<\/div>\n<\/div><\/div><\/div><\/div><\/div><\/div><\/div><\/div>\n<style type=\"text\/css\" data-type=\"rcb-_wpb_post_custom_css-3835\">.addtoany_share_save_container{\r\n    display:none!important;\r\n}<\/style><\/div><\/div><\/div><\/div>","protected":false},"excerpt":{"rendered":"El Ayuntamiento de Estepona ten\u00eda como principal objetivo en los trabajos de remodelaci\u00f3n del paseo mar\u00edtimo, dar homogeneidad\u00a0a todo este espacio con la utilizaci\u00f3n de materiales y elementos modernos, eficientes y sostenibles, as\u00ed como la reordenaci\u00f3n de espacios para potenciar el uso peatonal de este enclave de la ciudad. &nbsp; Pavigesa form\u00f3 parte de este&hellip;","protected":false},"author":1,"featured_media":3797,"comment_status":"closed","ping_status":"closed","sticky":false,"template":"","format":"standard","meta":{"footnotes":"","_links_to":"","_links_to_target":""},"categories":[77],"tags":[],"class_list":["post-3793","post","type-post","status-publish","format-standard","has-post-thumbnail","hentry","category-blog"],"yoast_head":"<!-- This site is optimized with the Yoast SEO plugin v26.7 - https:\/\/yoast.com\/wordpress\/plugins\/seo\/ -->\n<title>Obras de remodelaci\u00f3n: PASEO MAR\u00cdTIMO ESTEPONA - Pavigesa<\/title>\n<meta name=\"robots\" content=\"index, follow, max-snippet:-1, max-image-preview:large, max-video-preview:-1\" \/>\n<link rel=\"canonical\" href=\"https:\/\/pavigesa.com\/fr\/obras-de-remodelacion-paseo-maritimo-estepona\/\" \/>\n<meta property=\"og:locale\" content=\"fr_FR\" \/>\n<meta property=\"og:type\" content=\"article\" \/>\n<meta property=\"og:title\" content=\"Obras de remodelaci\u00f3n: PASEO MAR\u00cdTIMO ESTEPONA - Pavigesa\" \/>\n<meta property=\"og:url\" content=\"https:\/\/pavigesa.com\/fr\/obras-de-remodelacion-paseo-maritimo-estepona\/\" \/>\n<meta property=\"og:site_name\" content=\"Pavigesa\" \/>\n<meta property=\"article:published_time\" content=\"2023-06-09T08:23:19+00:00\" \/>\n<meta property=\"article:modified_time\" content=\"2023-06-27T10:09:10+00:00\" \/>\n<meta property=\"og:image\" content=\"https:\/\/pavigesa.com\/wp-content\/uploads\/2023\/06\/Imagen-2.jpg\" \/>\n\t<meta property=\"og:image:width\" content=\"227\" \/>\n\t<meta property=\"og:image:height\" content=\"459\" \/>\n\t<meta property=\"og:image:type\" content=\"image\/jpeg\" \/>\n<meta name=\"author\" content=\"republicankings\" \/>\n<meta name=\"twitter:card\" content=\"summary_large_image\" \/>\n<meta name=\"twitter:label1\" content=\"\u00c9crit par\" \/>\n\t<meta name=\"twitter:data1\" content=\"republicankings\" \/>\n\t<meta name=\"twitter:label2\" content=\"Dur\u00e9e de lecture estim\u00e9e\" \/>\n\t<meta name=\"twitter:data2\" content=\"2 minutes\" \/>\n<script type=\"application\/ld+json\" class=\"yoast-schema-graph\">{\"@context\":\"https:\/\/schema.org\",\"@graph\":[{\"@type\":\"Article\",\"@id\":\"https:\/\/pavigesa.com\/obras-de-remodelacion-paseo-maritimo-estepona\/#article\",\"isPartOf\":{\"@id\":\"https:\/\/pavigesa.com\/obras-de-remodelacion-paseo-maritimo-estepona\/\"},\"author\":{\"name\":\"republicankings\",\"@id\":\"https:\/\/pavigesa.com\/#\/schema\/person\/75541da68a762a99d584112f7056f80b\"},\"headline\":\"Obras de remodelaci\u00f3n: PASEO MAR\u00cdTIMO ESTEPONA\",\"datePublished\":\"2023-06-09T08:23:19+00:00\",\"dateModified\":\"2023-06-27T10:09:10+00:00\",\"mainEntityOfPage\":{\"@id\":\"https:\/\/pavigesa.com\/obras-de-remodelacion-paseo-maritimo-estepona\/\"},\"wordCount\":319,\"image\":{\"@id\":\"https:\/\/pavigesa.com\/obras-de-remodelacion-paseo-maritimo-estepona\/#primaryimage\"},\"thumbnailUrl\":\"https:\/\/pavigesa.com\/wp-content\/uploads\/2023\/06\/Imagen-2.jpg\",\"articleSection\":[\"Blog\"],\"inLanguage\":\"fr-FR\"},{\"@type\":\"WebPage\",\"@id\":\"https:\/\/pavigesa.com\/obras-de-remodelacion-paseo-maritimo-estepona\/\",\"url\":\"https:\/\/pavigesa.com\/obras-de-remodelacion-paseo-maritimo-estepona\/\",\"name\":\"Obras de remodelaci\u00f3n: PASEO MAR\u00cdTIMO ESTEPONA - Pavigesa\",\"isPartOf\":{\"@id\":\"https:\/\/pavigesa.com\/#website\"},\"primaryImageOfPage\":{\"@id\":\"https:\/\/pavigesa.com\/obras-de-remodelacion-paseo-maritimo-estepona\/#primaryimage\"},\"image\":{\"@id\":\"https:\/\/pavigesa.com\/obras-de-remodelacion-paseo-maritimo-estepona\/#primaryimage\"},\"thumbnailUrl\":\"https:\/\/pavigesa.com\/wp-content\/uploads\/2023\/06\/Imagen-2.jpg\",\"datePublished\":\"2023-06-09T08:23:19+00:00\",\"dateModified\":\"2023-06-27T10:09:10+00:00\",\"author\":{\"@id\":\"https:\/\/pavigesa.com\/#\/schema\/person\/75541da68a762a99d584112f7056f80b\"},\"breadcrumb\":{\"@id\":\"https:\/\/pavigesa.com\/obras-de-remodelacion-paseo-maritimo-estepona\/#breadcrumb\"},\"inLanguage\":\"fr-FR\",\"potentialAction\":[{\"@type\":\"ReadAction\",\"target\":[\"https:\/\/pavigesa.com\/obras-de-remodelacion-paseo-maritimo-estepona\/\"]}]},{\"@type\":\"ImageObject\",\"inLanguage\":\"fr-FR\",\"@id\":\"https:\/\/pavigesa.com\/obras-de-remodelacion-paseo-maritimo-estepona\/#primaryimage\",\"url\":\"https:\/\/pavigesa.com\/wp-content\/uploads\/2023\/06\/Imagen-2.jpg\",\"contentUrl\":\"https:\/\/pavigesa.com\/wp-content\/uploads\/2023\/06\/Imagen-2.jpg\",\"width\":227,\"height\":459},{\"@type\":\"BreadcrumbList\",\"@id\":\"https:\/\/pavigesa.com\/obras-de-remodelacion-paseo-maritimo-estepona\/#breadcrumb\",\"itemListElement\":[{\"@type\":\"ListItem\",\"position\":1,\"name\":\"Portada\",\"item\":\"https:\/\/pavigesa.com\/\"},{\"@type\":\"ListItem\",\"position\":2,\"name\":\"Obras de remodelaci\u00f3n: PASEO MAR\u00cdTIMO ESTEPONA\"}]},{\"@type\":\"WebSite\",\"@id\":\"https:\/\/pavigesa.com\/#website\",\"url\":\"https:\/\/pavigesa.com\/\",\"name\":\"Pavigesa\",\"description\":\"Construimos entornos urbanos de calidad\",\"potentialAction\":[{\"@type\":\"SearchAction\",\"target\":{\"@type\":\"EntryPoint\",\"urlTemplate\":\"https:\/\/pavigesa.com\/?s={search_term_string}\"},\"query-input\":{\"@type\":\"PropertyValueSpecification\",\"valueRequired\":true,\"valueName\":\"search_term_string\"}}],\"inLanguage\":\"fr-FR\"},{\"@type\":\"Person\",\"@id\":\"https:\/\/pavigesa.com\/#\/schema\/person\/75541da68a762a99d584112f7056f80b\",\"name\":\"republicankings\",\"image\":{\"@type\":\"ImageObject\",\"inLanguage\":\"fr-FR\",\"@id\":\"https:\/\/pavigesa.com\/#\/schema\/person\/image\/\",\"url\":\"https:\/\/secure.gravatar.com\/avatar\/389d4ffe7f47c6ec5a605b9095fee70b353fe4e0ca08f96577ca15c0af3bd3c9?s=96&d=mm&r=g\",\"contentUrl\":\"https:\/\/secure.gravatar.com\/avatar\/389d4ffe7f47c6ec5a605b9095fee70b353fe4e0ca08f96577ca15c0af3bd3c9?s=96&d=mm&r=g\",\"caption\":\"republicankings\"},\"sameAs\":[\"https:\/\/pavigesa.com\"],\"url\":\"https:\/\/pavigesa.com\/fr\/author\/republicankings\/\"}]}<\/script>\n<!-- \/ Yoast SEO plugin. -->","yoast_head_json":{"title":"Obras de remodelaci\u00f3n: PASEO MAR\u00cdTIMO ESTEPONA - Pavigesa","robots":{"index":"index","follow":"follow","max-snippet":"max-snippet:-1","max-image-preview":"max-image-preview:large","max-video-preview":"max-video-preview:-1"},"canonical":"https:\/\/pavigesa.com\/fr\/obras-de-remodelacion-paseo-maritimo-estepona\/","og_locale":"fr_FR","og_type":"article","og_title":"Obras de remodelaci\u00f3n: PASEO MAR\u00cdTIMO ESTEPONA - Pavigesa","og_url":"https:\/\/pavigesa.com\/fr\/obras-de-remodelacion-paseo-maritimo-estepona\/","og_site_name":"Pavigesa","article_published_time":"2023-06-09T08:23:19+00:00","article_modified_time":"2023-06-27T10:09:10+00:00","og_image":[{"width":227,"height":459,"url":"https:\/\/pavigesa.com\/wp-content\/uploads\/2023\/06\/Imagen-2.jpg","type":"image\/jpeg"}],"author":"republicankings","twitter_card":"summary_large_image","twitter_misc":{"\u00c9crit par":"republicankings","Dur\u00e9e de lecture estim\u00e9e":"2 minutes"},"schema":{"@context":"https:\/\/schema.org","@graph":[{"@type":"Article","@id":"https:\/\/pavigesa.com\/obras-de-remodelacion-paseo-maritimo-estepona\/#article","isPartOf":{"@id":"https:\/\/pavigesa.com\/obras-de-remodelacion-paseo-maritimo-estepona\/"},"author":{"name":"republicankings","@id":"https:\/\/pavigesa.com\/#\/schema\/person\/75541da68a762a99d584112f7056f80b"},"headline":"Obras de remodelaci\u00f3n: PASEO MAR\u00cdTIMO ESTEPONA","datePublished":"2023-06-09T08:23:19+00:00","dateModified":"2023-06-27T10:09:10+00:00","mainEntityOfPage":{"@id":"https:\/\/pavigesa.com\/obras-de-remodelacion-paseo-maritimo-estepona\/"},"wordCount":319,"image":{"@id":"https:\/\/pavigesa.com\/obras-de-remodelacion-paseo-maritimo-estepona\/#primaryimage"},"thumbnailUrl":"https:\/\/pavigesa.com\/wp-content\/uploads\/2023\/06\/Imagen-2.jpg","articleSection":["Blog"],"inLanguage":"fr-FR"},{"@type":"WebPage","@id":"https:\/\/pavigesa.com\/obras-de-remodelacion-paseo-maritimo-estepona\/","url":"https:\/\/pavigesa.com\/obras-de-remodelacion-paseo-maritimo-estepona\/","name":"Obras de remodelaci\u00f3n: PASEO MAR\u00cdTIMO ESTEPONA - Pavigesa","isPartOf":{"@id":"https:\/\/pavigesa.com\/#website"},"primaryImageOfPage":{"@id":"https:\/\/pavigesa.com\/obras-de-remodelacion-paseo-maritimo-estepona\/#primaryimage"},"image":{"@id":"https:\/\/pavigesa.com\/obras-de-remodelacion-paseo-maritimo-estepona\/#primaryimage"},"thumbnailUrl":"https:\/\/pavigesa.com\/wp-content\/uploads\/2023\/06\/Imagen-2.jpg","datePublished":"2023-06-09T08:23:19+00:00","dateModified":"2023-06-27T10:09:10+00:00","author":{"@id":"https:\/\/pavigesa.com\/#\/schema\/person\/75541da68a762a99d584112f7056f80b"},"breadcrumb":{"@id":"https:\/\/pavigesa.com\/obras-de-remodelacion-paseo-maritimo-estepona\/#breadcrumb"},"inLanguage":"fr-FR","potentialAction":[{"@type":"ReadAction","target":["https:\/\/pavigesa.com\/obras-de-remodelacion-paseo-maritimo-estepona\/"]}]},{"@type":"ImageObject","inLanguage":"fr-FR","@id":"https:\/\/pavigesa.com\/obras-de-remodelacion-paseo-maritimo-estepona\/#primaryimage","url":"https:\/\/pavigesa.com\/wp-content\/uploads\/2023\/06\/Imagen-2.jpg","contentUrl":"https:\/\/pavigesa.com\/wp-content\/uploads\/2023\/06\/Imagen-2.jpg","width":227,"height":459},{"@type":"BreadcrumbList","@id":"https:\/\/pavigesa.com\/obras-de-remodelacion-paseo-maritimo-estepona\/#breadcrumb","itemListElement":[{"@type":"ListItem","position":1,"name":"Portada","item":"https:\/\/pavigesa.com\/"},{"@type":"ListItem","position":2,"name":"Obras de remodelaci\u00f3n: PASEO MAR\u00cdTIMO ESTEPONA"}]},{"@type":"WebSite","@id":"https:\/\/pavigesa.com\/#website","url":"https:\/\/pavigesa.com\/","name":"Pavigesa","description":"Construire des environnements urbains de qualit\u00e9","potentialAction":[{"@type":"SearchAction","target":{"@type":"EntryPoint","urlTemplate":"https:\/\/pavigesa.com\/?s={search_term_string}"},"query-input":{"@type":"PropertyValueSpecification","valueRequired":true,"valueName":"search_term_string"}}],"inLanguage":"fr-FR"},{"@type":"Person","@id":"https:\/\/pavigesa.com\/#\/schema\/person\/75541da68a762a99d584112f7056f80b","name":"republicankings","image":{"@type":"ImageObject","inLanguage":"fr-FR","@id":"https:\/\/pavigesa.com\/#\/schema\/person\/image\/","url":"https:\/\/secure.gravatar.com\/avatar\/389d4ffe7f47c6ec5a605b9095fee70b353fe4e0ca08f96577ca15c0af3bd3c9?s=96&d=mm&r=g","contentUrl":"https:\/\/secure.gravatar.com\/avatar\/389d4ffe7f47c6ec5a605b9095fee70b353fe4e0ca08f96577ca15c0af3bd3c9?s=96&d=mm&r=g","caption":"republicankings"},"sameAs":["https:\/\/pavigesa.com"],"url":"https:\/\/pavigesa.com\/fr\/author\/republicankings\/"}]}},"_links":{"self":[{"href":"https:\/\/pavigesa.com\/fr\/wp-json\/wp\/v2\/posts\/3793","targetHints":{"allow":["GET"]}}],"collection":[{"href":"https:\/\/pavigesa.com\/fr\/wp-json\/wp\/v2\/posts"}],"about":[{"href":"https:\/\/pavigesa.com\/fr\/wp-json\/wp\/v2\/types\/post"}],"author":[{"embeddable":true,"href":"https:\/\/pavigesa.com\/fr\/wp-json\/wp\/v2\/users\/1"}],"replies":[{"embeddable":true,"href":"https:\/\/pavigesa.com\/fr\/wp-json\/wp\/v2\/comments?post=3793"}],"version-history":[{"count":9,"href":"https:\/\/pavigesa.com\/fr\/wp-json\/wp\/v2\/posts\/3793\/revisions"}],"predecessor-version":[{"id":3852,"href":"https:\/\/pavigesa.com\/fr\/wp-json\/wp\/v2\/posts\/3793\/revisions\/3852"}],"wp:featuredmedia":[{"embeddable":true,"href":"https:\/\/pavigesa.com\/fr\/wp-json\/wp\/v2\/media\/3797"}],"wp:attachment":[{"href":"https:\/\/pavigesa.com\/fr\/wp-json\/wp\/v2\/media?parent=3793"}],"wp:term":[{"taxonomy":"category","embeddable":true,"href":"https:\/\/pavigesa.com\/fr\/wp-json\/wp\/v2\/categories?post=3793"},{"taxonomy":"post_tag","embeddable":true,"href":"https:\/\/pavigesa.com\/fr\/wp-json\/wp\/v2\/tags?post=3793"}],"curies":[{"name":"wp","href":"https:\/\/api.w.org\/{rel}","templated":true}]}}